{"id":3087,"date":"2011-03-04T10:35:05","date_gmt":"2011-03-04T09:35:05","guid":{"rendered":"http:\/\/ladoalado.brianzaest.it\/?p=3087"},"modified":"2011-10-06T04:34:05","modified_gmt":"2011-10-06T03:34:05","slug":"gracias-a-la-vida","status":"publish","type":"post","link":"https:\/\/ladoalado.brianzaest.it\/?p=3087","title":{"rendered":"Gracias a la vida"},"content":{"rendered":"<p>Da: padre Carlos Jacob<br \/>\nA: Lado a Lado<br \/>\nInviato: 03\/03\/11 15.21<br \/>\nOggetto: Gracias a la vida<\/p>\n<p><em>Pubblichiamo una lettera inviata da padre Jacob (la traduzione, automatica, la trovate in calce).<\/em><\/p>\n<p>Ol\u00e1,<a href=\"http:\/\/ladoalado.brianzaest.it\/wp-content\/uploads\/2011\/03\/padre-jacob-e-dom-tome.jpg\" target=\"_blank\"><img loading=\"lazy\" class=\"size-medium wp-image-3104 alignleft\" style=\"margin-right: 10px\" title=\"Padre Jacob e Dom Tom\u00e8\" src=\"http:\/\/ladoalado.brianzaest.it\/wp-content\/uploads\/2011\/03\/padre-jacob-e-dom-tome-300x225.jpg\" alt=\"Padre Jacob e Dom Tom\u00e8\" width=\"300\" height=\"225\" srcset=\"https:\/\/ladoalado.brianzaest.it\/wp-content\/uploads\/2011\/03\/padre-jacob-e-dom-tome-300x225.jpg 300w, https:\/\/ladoalado.brianzaest.it\/wp-content\/uploads\/2011\/03\/padre-jacob-e-dom-tome.jpg 1024w\" sizes=\"(max-width: 300px) 100vw, 300px\" \/><\/a><\/p>\n<p>Nada melhor do que saborear os dias e dar &#8221; Gracias a la Vida&#8221;. Com um abra\u00e7o amigo e sinal de agradecimento, junto mais um texto de reflex\u00e3o. Pe Carlos Jacob  \u201cGracias a la Vida\u201d . \u201cGracias a la Vida\u201d \u00e9 o tema duma can\u00e7\u00e3o de Joan Baez. Talvez, poucos se lembrem desta cantora norte americana que um dia teve a ousadia de condenar a guerra americana no Vietname. Claro que n\u00e3o foi com esta can\u00e7\u00e3o que o fez.<\/p>\n<p>Abstraindo-nos dos est\u00fapidos conflitos b\u00e9licos que assolam tantas partes do mundo, o t\u00edtulo \u201cGracias a la Vida\u201d \u00e9 interpelativo, face \u00e1 onda de pessimismo que avassala a Europa e outras partes do Mundo.<\/p>\n<p>Saboreio, com uma frescura sempre nova, os textos que nos falam da miss\u00e3o dos disc\u00edpulos de Jesus. Foram e n\u00e3o levaram discursos elaborados nem doutrinas para decorar. Levaram (e \u00e9 ainda hoje o grande tesouro que a Igreja oferece) a vida em gra\u00e7a aprendida com Jesus Cristo. Foram enviados a curar o que a maldade causa nas pessoas e a anunciar um novo Reino. N\u00e3o foram portadores de riquezas ou de poder, nem anunciadores da fama ou perfei\u00e7\u00e3o, e muito menos fazedores de promessas, apenas testemunhas  <!--more-->da felicidade de que \u00e9 amar a vida com o cora\u00e7\u00e3o de Deus. \u201cRecebeste de gra\u00e7a, dai a gra\u00e7a\u201d.<\/p>\n<p>Hoje, cresce no mundo a paix\u00e3o profunda pela causa humana. Em tantos lugares e de das mais diversas formas, concretizam-se com gestos de bondade esta aten\u00e7\u00e3o pelo outro. De forma gratuita d\u00e3o-se sem nada esperar em troca. Impulsiona-os a sabor das causas que julgam importantes. Escutam, acariciam, d\u00e3o o seu tempo e os seus gestos. Tudo fazem para que a sua presen\u00e7a irradie felicidade e beleza. E toda estas op\u00e7\u00f5es implicam uma ren\u00fancia, um sacrif\u00edcio, um risco. O mundo torna-se pequeno para acolher tanta alegria e paz. N\u00e3o ficam entorpecidos pelo medo ou pela ang\u00fastia do insucesso. Reinventam todos os dias a arte de serem aprendizes do amor. Orientam-se n\u00e3o pelos crit\u00e9rios publicit\u00e1rios, da apar\u00eancia, do dogmatismo ou da conveni\u00eancia, mas pela sede de ajudar com coisas t\u00e3o simples e quotidianas. \u00c9 sempre importante esta aten\u00e7\u00e3o viva \u00e0s oportunidades que aparecem para dar \u201cgracias a la vida\u201d.<\/p>\n<p>Pe. Carlos Jacob<\/p>\n<p>&#8212;&#8212;&#8212;&#8212;&#8212;-<\/p>\n<p>Ciao,<\/p>\n<p>Niente di meglio che godersi il giorno e dare &#8220;Gracias a la Vida&#8221;. Con un abbraccio amichevole e un segno di gratitudine, con un documento di riflessione ulteriore. Don Carlo Giacobbe &#8220;Gracias a la Vida.&#8221; Gracias a la Vida&#8221; \u00e8 il tema di una canzone di Joan Baez. Forse pochi ricordano che il cantante americano che, una volta avuto il coraggio di condannare la guerra americana in Vietnam. Chiaramente non era con questa canzone che ha fatto.<\/p>\n<p>Astraendo noi di guerre stupide che affliggono tante parti del mondo, dal titolo &#8220;Gracias a la Vida&#8221; \u00e8 messa in discussione, dato l&#8217;ondata di pessimismo travolge l&#8217;Europa e in altre parti del mondo.<\/p>\n<p><a href=\"http:\/\/ladoalado.brianzaest.it\/wp-content\/uploads\/2011\/03\/jacob.jpg\" target=\"_blank\"><img loading=\"lazy\" class=\"alignright\" style=\"margin-left: 10px;\" title=\"Padre Jacob\" src=\"http:\/\/ladoalado.brianzaest.it\/wp-content\/uploads\/2011\/03\/jacob-211x300.jpg\" alt=\"Padre jacob\" width=\"211\" height=\"300\" \/><\/a>Il gusto, la freschezza di una sempre nuova, i testi che parlano della missione dei discepoli di Ges\u00f9. E discorsi non sono stati formulati o dottrine portato a decorare. Led (ed \u00e8 ancora il grande tesoro che la Chiesa offre) la vita in grazia imparato da Ges\u00f9 Cristo. Sono stati inviati a guarire il male che le persone interessate e proclamare un nuovo regno. Ci sono state persone con la ricchezza o il potere o la fama o araldi della perfezione, tanto meno promesse maker, solo testimoniare la felicit\u00e0 che \u00e8 amare la vita con il cuore di Dio. &#8220;Gratuitamente avete ricevuto, gratuitamente date grazia&#8221;.<\/p>\n<p>Oggi, il mondo cresce in profonda passione per la causa umana. In molti luoghi e in molti modi diversi, si materializzano con gesti di bont\u00e0 che la cura per gli altri. Gratuito vengono dati senza aspettarsi nulla in cambio. Li spinge ad assaggiare le cause che essi ritengono importanti. Ascolta, caro, danno il loro tempo ei loro gesti. Tutto per rendere la loro presenza irradia felicit\u00e0 e bellezza. E tutte queste opzioni implicano una rinuncia, un sacrificio, un rischio. Il mondo diventa piccolo per ospitare tanta gioia e pace. Non diventare intorpidite dalla paura o ansia del fallimento. Reinventare ogni giorno l&#8217;arte di essere apprendisti di amore. Non sono guidate da criteri di pubblicit\u00e0, la comparsa di dogmatismo o di convenienza, ma la sete di aiuto con le cose pi\u00f9 semplici e quotidiane. E &#8216;importante che l&#8217;attenzione sempre viva per le opportunit\u00e0 che sembrano dare &#8220;Gracias a la vida&#8221;.<\/p>\n<p>Pe. Carlos Jacob<\/p>\n","protected":false},"excerpt":{"rendered":"<p>Da: padre Carlos Jacob A: Lado a Lado Inviato: 03\/03\/11 15.21 Oggetto: Gracias a la vida Pubblichiamo una lettera inviata da padre Jacob (la traduzione, automatica, la trovate in calce). Ol\u00e1, Nada melhor do que saborear os dias e dar &#8221; Gracias a la Vida&#8221;. Com um abra\u00e7o amigo e sinal de agradecimento, junto mais [&hellip;]<\/p>\n","protected":false},"author":1,"featured_media":0,"comment_status":"closed","ping_status":"closed","sticky":false,"template":"","format":"standard","meta":[],"categories":[17],"tags":[],"_links":{"self":[{"href":"https:\/\/ladoalado.brianzaest.it\/index.php?rest_route=\/wp\/v2\/posts\/3087"}],"collection":[{"href":"https:\/\/ladoalado.brianzaest.it\/index.php?rest_route=\/wp\/v2\/posts"}],"about":[{"href":"https:\/\/ladoalado.brianzaest.it\/index.php?rest_route=\/wp\/v2\/types\/post"}],"author":[{"embeddable":true,"href":"https:\/\/ladoalado.brianzaest.it\/index.php?rest_route=\/wp\/v2\/users\/1"}],"replies":[{"embeddable":true,"href":"https:\/\/ladoalado.brianzaest.it\/index.php?rest_route=%2Fwp%2Fv2%2Fcomments&post=3087"}],"version-history":[{"count":23,"href":"https:\/\/ladoalado.brianzaest.it\/index.php?rest_route=\/wp\/v2\/posts\/3087\/revisions"}],"predecessor-version":[{"id":3311,"href":"https:\/\/ladoalado.brianzaest.it\/index.php?rest_route=\/wp\/v2\/posts\/3087\/revisions\/3311"}],"wp:attachment":[{"href":"https:\/\/ladoalado.brianzaest.it\/index.php?rest_route=%2Fwp%2Fv2%2Fmedia&parent=3087"}],"wp:term":[{"taxonomy":"category","embeddable":true,"href":"https:\/\/ladoalado.brianzaest.it\/index.php?rest_route=%2Fwp%2Fv2%2Fcategories&post=3087"},{"taxonomy":"post_tag","embeddable":true,"href":"https:\/\/ladoalado.brianzaest.it\/index.php?rest_route=%2Fwp%2Fv2%2Ftags&post=3087"}],"curies":[{"name":"wp","href":"https:\/\/api.w.org\/{rel}","templated":true}]}}